{"id":1323,"date":"2013-11-15T12:40:40","date_gmt":"2013-11-15T10:40:40","guid":{"rendered":"https:\/\/www.bdjl.de\/lebensart\/?p=1323"},"modified":"2013-11-18T20:29:09","modified_gmt":"2013-11-18T18:29:09","slug":"mohn-steusel-kuchen-und-kekse-zum-geburtstag","status":"publish","type":"post","link":"https:\/\/www.bdjl.de\/lebensart\/?p=1323","title":{"rendered":"Mohn-Steusel-Kuchen und Kekse zum Geburtstag"},"content":{"rendered":"<p><a href=\"https:\/\/www.bdjl.de\/lebensart\/wp-content\/uploads\/2013\/10\/tisch_keks_deko.jpg\"><img loading=\"lazy\" decoding=\"async\" alt=\"tisch_keks_deko\" src=\"https:\/\/www.bdjl.de\/lebensart\/wp-content\/uploads\/2013\/10\/tisch_keks_deko-620x826.jpg\" width=\"620\" height=\"826\" \/><\/a><\/p>\n<p>Opas Geburtstag stand vor der T\u00fcr und somit ich vor der Frage, was ich backen soll und wie die Kaffeetafel aussehen soll. Nach etwas l\u00e4ngerem \u00dcberlegen war es klar. Grau, schwarz, wei\u00df und beige soll die Deko werden. Optische W\u00e4rme geben hier nur die verschiedenen Materialien. Den kleinen wei\u00dfen K\u00fcrbissen hab ich den Stiel mit schwarzem Lack angemalt und den K\u00fcrbis dann zur Feier des Tages in h\u00fcbsche Feinstrumpfhosen gesteckt. Auch die Vase und die Kerzenhalter werden zur Feier angekleidet. Schick in Strick. Leckere M\u00fcrbteigkekse zieren Kuchenteller und Glas.<\/p>\n<p>Und das Hightlight des Nachmittags: Dicker Mohn-Streusel-Kuchen, Opas Lieblingskuchen.<\/p>\n<p><a href=\"https:\/\/www.bdjl.de\/lebensart\/wp-content\/uploads\/2013\/10\/mohnkuchen.jpg\"><img loading=\"lazy\" decoding=\"async\" alt=\"Mohnkuchen\" src=\"https:\/\/www.bdjl.de\/lebensart\/wp-content\/uploads\/2013\/10\/mohnkuchen-620x465.jpg\" width=\"620\" height=\"465\" \/><\/a><\/p>\n<h3>Rezept f\u00fcr einen Mohn-Streusel-Kuchen\u00a0\u00d8 26cm.<\/h3>\n<h4>Zutaten f\u00fcr den Teig:<\/h4>\n<ul>\n<li>450g Mehl<\/li>\n<li>150g Zucker<\/li>\n<li>1 Ei<\/li>\n<li>250g Butter<\/li>\n<li>1 Prise Salz<\/li>\n<\/ul>\n<p>Die Zutaten mit dem Handr\u00fchrger\u00e4t verbr\u00f6seln, dann mit den H\u00e4nden zu einem glatten Teig kneten und im K\u00fchlschrank lagern.<\/p>\n<h4>Zutaten f\u00fcr die F\u00fcllung:<\/h4>\n<ul>\n<li>800g Blaumohn gemahlen<\/li>\n<li>150g Mandeln gemahlen<\/li>\n<li>150g Zucker<\/li>\n<li>einige Essl\u00f6ffel Mehl<\/li>\n<li>2 Liter Milch<\/li>\n<li>etwas Rosenwasser<\/li>\n<li>150g Sultaninen<\/li>\n<li>3 Eier<\/li>\n<\/ul>\n<h4>Zutaten f\u00fcr die Streusel:<\/h4>\n<ul>\n<li>125g Butter<\/li>\n<li>ca. 150g Zucker<\/li>\n<li>ca. 150g Mehl<\/li>\n<li>Zimt<\/li>\n<li>etwas Blaumohnf\u00fcllung<\/li>\n<\/ul>\n<h4>Zubereitung<\/h4>\n<p>Den Blaumohn mit 2 Liter Milch aufkochen. Durch ein Haarsieb streifen und abk\u00fchlen lassen (das dauert mindestens zwei Stunden). Die Sultaninen in Wasser einweichen.<\/p>\n<p>Alle Zutaten f\u00fcr die Blaumohnf\u00fcllung mit dem Handr\u00fchrger\u00e4t mischen.<\/p>\n<p>Den M\u00fcrbteigboden in eine Springform geben und den Rand sch\u00f6n hochziehen. Die Mohnf\u00fcllung darauf verteilen.<\/p>\n<p>Die Butter f\u00fcr die Streusel schmelzen. Mit dem Schneebeesen Zucker einr\u00fchren, bis die Masse dicklich wird. Etwas Blaumohnf\u00fcllung und viel Zimt dazugeben. Unter Hinzuf\u00fcgen von Mehl so lange weiterr\u00fchren bis die Masse br\u00f6selig wird. Die Streusel dann auf den Blaumohnbelag geben.<\/p>\n<p>Im Backofen bei Ober-\/Unterhitze und 180 Grad ca. 60 Minuten backen. Ausk\u00fchlen lassen.<\/p>\n<p>Wer kein Freund von Sultaninen ist, kann diese auch einfach weglassen, der Kuchen schmeckt deshalb genauso gut!<\/p>\n","protected":false},"excerpt":{"rendered":"<p>Opas Geburtstag stand vor der T\u00fcr und somit ich vor der Frage, was ich backen soll und wie die Kaffeetafel aussehen soll. Nach etwas l\u00e4ngerem \u00dcberlegen war es klar. Grau, schwarz, wei\u00df und beige soll die Deko werden. Optische W\u00e4rme geben hier nur die verschiedenen Materialien. Den kleinen wei\u00dfen K\u00fcrbissen hab ich den Stiel mit [&hellip;]<\/p>\n","protected":false},"author":4,"featured_media":0,"comment_status":"open","ping_status":"open","sticky":false,"template":"","format":"standard","meta":{"footnotes":""},"categories":[10,5],"tags":[194,44],"class_list":["post-1323","post","type-post","status-publish","format-standard","hentry","category-backen","category-deko","tag-blaumohn","tag-murbteig"],"_links":{"self":[{"href":"https:\/\/www.bdjl.de\/lebensart\/index.php?rest_route=\/wp\/v2\/posts\/1323","targetHints":{"allow":["GET"]}}],"collection":[{"href":"https:\/\/www.bdjl.de\/lebensart\/index.php?rest_route=\/wp\/v2\/posts"}],"about":[{"href":"https:\/\/www.bdjl.de\/lebensart\/index.php?rest_route=\/wp\/v2\/types\/post"}],"author":[{"embeddable":true,"href":"https:\/\/www.bdjl.de\/lebensart\/index.php?rest_route=\/wp\/v2\/users\/4"}],"replies":[{"embeddable":true,"href":"https:\/\/www.bdjl.de\/lebensart\/index.php?rest_route=%2Fwp%2Fv2%2Fcomments&post=1323"}],"version-history":[{"count":18,"href":"https:\/\/www.bdjl.de\/lebensart\/index.php?rest_route=\/wp\/v2\/posts\/1323\/revisions"}],"predecessor-version":[{"id":1462,"href":"https:\/\/www.bdjl.de\/lebensart\/index.php?rest_route=\/wp\/v2\/posts\/1323\/revisions\/1462"}],"wp:attachment":[{"href":"https:\/\/www.bdjl.de\/lebensart\/index.php?rest_route=%2Fwp%2Fv2%2Fmedia&parent=1323"}],"wp:term":[{"taxonomy":"category","embeddable":true,"href":"https:\/\/www.bdjl.de\/lebensart\/index.php?rest_route=%2Fwp%2Fv2%2Fcategories&post=1323"},{"taxonomy":"post_tag","embeddable":true,"href":"https:\/\/www.bdjl.de\/lebensart\/index.php?rest_route=%2Fwp%2Fv2%2Ftags&post=1323"}],"curies":[{"name":"wp","href":"https:\/\/api.w.org\/{rel}","templated":true}]}}