{"id":1385,"date":"2013-11-08T11:41:32","date_gmt":"2013-11-08T09:41:32","guid":{"rendered":"https:\/\/www.bdjl.de\/lebensart\/?p=1385"},"modified":"2013-11-06T11:43:16","modified_gmt":"2013-11-06T09:43:16","slug":"der-herbst-kommt-gestrickt-in-warmem-grau","status":"publish","type":"post","link":"https:\/\/www.bdjl.de\/lebensart\/?p=1385","title":{"rendered":"Der Herbst kommt gestrickt in warmem Grau"},"content":{"rendered":"<p><a href=\"https:\/\/www.bdjl.de\/lebensart\/wp-content\/uploads\/2013\/10\/kuerbis_strumpf_1.jpg\"><img loading=\"lazy\" decoding=\"async\" class=\"alignnone size-large wp-image-1324\" alt=\"kuerbis_strumpf_1\" src=\"https:\/\/www.bdjl.de\/lebensart\/wp-content\/uploads\/2013\/10\/kuerbis_strumpf_1-620x465.jpg\" width=\"620\" height=\"465\" srcset=\"https:\/\/www.bdjl.de\/lebensart\/wp-content\/uploads\/2013\/10\/kuerbis_strumpf_1-620x465.jpg 620w, https:\/\/www.bdjl.de\/lebensart\/wp-content\/uploads\/2013\/10\/kuerbis_strumpf_1-400x300.jpg 400w, https:\/\/www.bdjl.de\/lebensart\/wp-content\/uploads\/2013\/10\/kuerbis_strumpf_1-624x468.jpg 624w, https:\/\/www.bdjl.de\/lebensart\/wp-content\/uploads\/2013\/10\/kuerbis_strumpf_1.jpg 1024w\" sizes=\"auto, (max-width: 620px) 100vw, 620px\" \/><\/a><\/p>\n<p>Dicke gestrickte Hussen in warmen Graut\u00f6nen f\u00fcr die Kerzen. Einfach Wolle doppelt nehmen und jeweils nur rechts oder links-rechts stricken.<\/p>\n<p>Die K\u00fcrbisse kleiden sich hier in elegante Damenfeinstr\u00fcmpfe. Herbst, Sturm und K\u00e4lte k\u00f6nnen kommen &#8211; wir sind gewappnet.<\/p>\n<p><a href=\"https:\/\/www.bdjl.de\/lebensart\/wp-content\/uploads\/2013\/10\/wz_strickkerze.jpg\"><img loading=\"lazy\" decoding=\"async\" class=\"alignnone size-large wp-image-1328\" alt=\"wz_strickkerze\" src=\"https:\/\/www.bdjl.de\/lebensart\/wp-content\/uploads\/2013\/10\/wz_strickkerze-620x465.jpg\" width=\"620\" height=\"465\" srcset=\"https:\/\/www.bdjl.de\/lebensart\/wp-content\/uploads\/2013\/10\/wz_strickkerze-620x465.jpg 620w, https:\/\/www.bdjl.de\/lebensart\/wp-content\/uploads\/2013\/10\/wz_strickkerze-400x300.jpg 400w, https:\/\/www.bdjl.de\/lebensart\/wp-content\/uploads\/2013\/10\/wz_strickkerze-624x468.jpg 624w, https:\/\/www.bdjl.de\/lebensart\/wp-content\/uploads\/2013\/10\/wz_strickkerze.jpg 1024w\" sizes=\"auto, (max-width: 620px) 100vw, 620px\" \/><\/a><\/p>\n","protected":false},"excerpt":{"rendered":"<p>Dicke gestrickte Hussen in warmen Graut\u00f6nen f\u00fcr die Kerzen. Einfach Wolle doppelt nehmen und jeweils nur rechts oder links-rechts stricken. Die K\u00fcrbisse kleiden sich hier in elegante Damenfeinstr\u00fcmpfe. Herbst, Sturm und K\u00e4lte k\u00f6nnen kommen &#8211; wir sind gewappnet.<\/p>\n","protected":false},"author":4,"featured_media":0,"comment_status":"open","ping_status":"open","sticky":false,"template":"","format":"standard","meta":{"footnotes":""},"categories":[5],"tags":[192,213],"class_list":["post-1385","post","type-post","status-publish","format-standard","hentry","category-deko","tag-kurbis","tag-stricken"],"_links":{"self":[{"href":"https:\/\/www.bdjl.de\/lebensart\/index.php?rest_route=\/wp\/v2\/posts\/1385","targetHints":{"allow":["GET"]}}],"collection":[{"href":"https:\/\/www.bdjl.de\/lebensart\/index.php?rest_route=\/wp\/v2\/posts"}],"about":[{"href":"https:\/\/www.bdjl.de\/lebensart\/index.php?rest_route=\/wp\/v2\/types\/post"}],"author":[{"embeddable":true,"href":"https:\/\/www.bdjl.de\/lebensart\/index.php?rest_route=\/wp\/v2\/users\/4"}],"replies":[{"embeddable":true,"href":"https:\/\/www.bdjl.de\/lebensart\/index.php?rest_route=%2Fwp%2Fv2%2Fcomments&post=1385"}],"version-history":[{"count":7,"href":"https:\/\/www.bdjl.de\/lebensart\/index.php?rest_route=\/wp\/v2\/posts\/1385\/revisions"}],"predecessor-version":[{"id":1422,"href":"https:\/\/www.bdjl.de\/lebensart\/index.php?rest_route=\/wp\/v2\/posts\/1385\/revisions\/1422"}],"wp:attachment":[{"href":"https:\/\/www.bdjl.de\/lebensart\/index.php?rest_route=%2Fwp%2Fv2%2Fmedia&parent=1385"}],"wp:term":[{"taxonomy":"category","embeddable":true,"href":"https:\/\/www.bdjl.de\/lebensart\/index.php?rest_route=%2Fwp%2Fv2%2Fcategories&post=1385"},{"taxonomy":"post_tag","embeddable":true,"href":"https:\/\/www.bdjl.de\/lebensart\/index.php?rest_route=%2Fwp%2Fv2%2Ftags&post=1385"}],"curies":[{"name":"wp","href":"https:\/\/api.w.org\/{rel}","templated":true}]}}