{"id":1787,"date":"2011-02-13T16:23:41","date_gmt":"2011-02-13T15:23:41","guid":{"rendered":"http:\/\/www.bdjl.de\/localhost\/?p=1787"},"modified":"2011-02-13T16:23:41","modified_gmt":"2011-02-13T15:23:41","slug":"linkfarbe-in-impress","status":"publish","type":"post","link":"https:\/\/www.bdjl.de\/localhost\/?p=1787","title":{"rendered":"Linkfarbe in Impress"},"content":{"rendered":"<p><a href=\"http:\/\/www.bdjl.de\/localhost\/wp-content\/uploads\/2011\/02\/linksinimpress.png\"><img loading=\"lazy\" decoding=\"async\" class=\"alignnone size-medium wp-image-1788\" title=\"linksinimpress\" src=\"http:\/\/www.bdjl.de\/localhost\/wp-content\/uploads\/2011\/02\/linksinimpress-640x336.png\" alt=\"\" width=\"640\" height=\"336\" srcset=\"https:\/\/www.bdjl.de\/localhost\/wp-content\/uploads\/2011\/02\/linksinimpress-640x336.png 640w, https:\/\/www.bdjl.de\/localhost\/wp-content\/uploads\/2011\/02\/linksinimpress.png 848w\" sizes=\"auto, (max-width: 640px) 100vw, 640px\" \/><\/a><\/p>\n<p>So ein bl\u00f6des Gefrickel aber auch. Anstatt dass es in Impress &#8211; wie in Writer &#8211; eine extra Formatvorlage f\u00fcr die Linkfarbe gibt, muss man hier unter \/Extras \/Optionen \/LibreOffice \/Darstellung freih\u00e4ndig die gew\u00fcnschte Standardfarbe f\u00fcr Links einstellen.<\/p>\n","protected":false},"excerpt":{"rendered":"<p>So ein bl\u00f6des Gefrickel aber auch. Anstatt dass es in Impress &#8211; wie in Writer &#8211; eine extra Formatvorlage f\u00fcr die Linkfarbe gibt, muss man hier unter \/Extras \/Optionen \/LibreOffice \/Darstellung freih\u00e4ndig die gew\u00fcnschte Standardfarbe f\u00fcr Links einstellen.<\/p>\n","protected":false},"author":2,"featured_media":0,"comment_status":"open","ping_status":"closed","sticky":false,"template":"","format":"standard","meta":{"footnotes":""},"categories":[7],"tags":[110,107,101,108,55,109],"class_list":["post-1787","post","type-post","status-publish","format-standard","hentry","category-office","tag-formatvorlage","tag-impress","tag-libreoffice","tag-linkfarbe","tag-ooo","tag-template"],"_links":{"self":[{"href":"https:\/\/www.bdjl.de\/localhost\/index.php?rest_route=\/wp\/v2\/posts\/1787","targetHints":{"allow":["GET"]}}],"collection":[{"href":"https:\/\/www.bdjl.de\/localhost\/index.php?rest_route=\/wp\/v2\/posts"}],"about":[{"href":"https:\/\/www.bdjl.de\/localhost\/index.php?rest_route=\/wp\/v2\/types\/post"}],"author":[{"embeddable":true,"href":"https:\/\/www.bdjl.de\/localhost\/index.php?rest_route=\/wp\/v2\/users\/2"}],"replies":[{"embeddable":true,"href":"https:\/\/www.bdjl.de\/localhost\/index.php?rest_route=%2Fwp%2Fv2%2Fcomments&post=1787"}],"version-history":[{"count":2,"href":"https:\/\/www.bdjl.de\/localhost\/index.php?rest_route=\/wp\/v2\/posts\/1787\/revisions"}],"predecessor-version":[{"id":1790,"href":"https:\/\/www.bdjl.de\/localhost\/index.php?rest_route=\/wp\/v2\/posts\/1787\/revisions\/1790"}],"wp:attachment":[{"href":"https:\/\/www.bdjl.de\/localhost\/index.php?rest_route=%2Fwp%2Fv2%2Fmedia&parent=1787"}],"wp:term":[{"taxonomy":"category","embeddable":true,"href":"https:\/\/www.bdjl.de\/localhost\/index.php?rest_route=%2Fwp%2Fv2%2Fcategories&post=1787"},{"taxonomy":"post_tag","embeddable":true,"href":"https:\/\/www.bdjl.de\/localhost\/index.php?rest_route=%2Fwp%2Fv2%2Ftags&post=1787"}],"curies":[{"name":"wp","href":"https:\/\/api.w.org\/{rel}","templated":true}]}}