{"id":1895,"date":"2011-03-09T17:40:08","date_gmt":"2011-03-09T16:40:08","guid":{"rendered":"http:\/\/www.bdjl.de\/localhost\/?p=1895"},"modified":"2017-03-01T12:09:40","modified_gmt":"2017-03-01T11:09:40","slug":"sansa-fuze-lautstrke","status":"publish","type":"post","link":"https:\/\/www.bdjl.de\/localhost\/?p=1895","title":{"rendered":"Sansa Fuze: Lautst&auml;rke"},"content":{"rendered":"<p>Ich hab meinen Fuze extra f\u00fcr den Aux Anschluss an meinem Autoradio gekauft &#8211; und da war kaum Musik zu h\u00f6ren, weil der Player nur ganz leise war. Eine Einstellm\u00f6glichkeit f\u00fcr ein verst\u00e4rktes Ausgangssignal hab ich am Fuze selbst nicht gefunden &#8211; daf\u00fcr aber <a href=\"http:\/\/forum.chip.de\/mp3-player-ipod\/sansa-fuze-lautstaerke-problem-1347361.html\" target=\"_blank\">diesen Thread in den Chip Foren<\/a> mit dem richtigen Hinweis:<\/p>\n<p>Zuerst Sansa Fuze auf Werkseinstellungen zur\u00fcck setzen. Als Sprache sodann Deutsch ausw\u00e4hlen, aber als Region &#8222;Rest der Welt&#8220; (und nicht Europa). Dann erscheint in den Einstellungen der Eintrag Lautst\u00e4rke, die man auch auf &#8222;Hoch&#8220; setzen kann.<\/p>\n<p>Jetzt rockt das Ding.<\/p>\n","protected":false},"excerpt":{"rendered":"<p>Ich hab meinen Fuze extra f\u00fcr den Aux Anschluss an meinem Autoradio gekauft &#8211; und da war kaum Musik zu h\u00f6ren, weil der Player nur ganz leise war. Eine Einstellm\u00f6glichkeit f\u00fcr ein verst\u00e4rktes Ausgangssignal hab ich am Fuze selbst nicht gefunden &#8211; daf\u00fcr aber diesen Thread in den Chip Foren mit dem richtigen Hinweis: Zuerst [&hellip;]<\/p>\n","protected":false},"author":2,"featured_media":0,"comment_status":"open","ping_status":"closed","sticky":false,"template":"","format":"standard","meta":{"footnotes":""},"categories":[8],"tags":[59,127,126],"class_list":["post-1895","post","type-post","status-publish","format-standard","hentry","category-fundestuecke","tag-einstellungen","tag-lautstarke","tag-sansa-fuze"],"_links":{"self":[{"href":"https:\/\/www.bdjl.de\/localhost\/index.php?rest_route=\/wp\/v2\/posts\/1895","targetHints":{"allow":["GET"]}}],"collection":[{"href":"https:\/\/www.bdjl.de\/localhost\/index.php?rest_route=\/wp\/v2\/posts"}],"about":[{"href":"https:\/\/www.bdjl.de\/localhost\/index.php?rest_route=\/wp\/v2\/types\/post"}],"author":[{"embeddable":true,"href":"https:\/\/www.bdjl.de\/localhost\/index.php?rest_route=\/wp\/v2\/users\/2"}],"replies":[{"embeddable":true,"href":"https:\/\/www.bdjl.de\/localhost\/index.php?rest_route=%2Fwp%2Fv2%2Fcomments&post=1895"}],"version-history":[{"count":7,"href":"https:\/\/www.bdjl.de\/localhost\/index.php?rest_route=\/wp\/v2\/posts\/1895\/revisions"}],"predecessor-version":[{"id":4985,"href":"https:\/\/www.bdjl.de\/localhost\/index.php?rest_route=\/wp\/v2\/posts\/1895\/revisions\/4985"}],"wp:attachment":[{"href":"https:\/\/www.bdjl.de\/localhost\/index.php?rest_route=%2Fwp%2Fv2%2Fmedia&parent=1895"}],"wp:term":[{"taxonomy":"category","embeddable":true,"href":"https:\/\/www.bdjl.de\/localhost\/index.php?rest_route=%2Fwp%2Fv2%2Fcategories&post=1895"},{"taxonomy":"post_tag","embeddable":true,"href":"https:\/\/www.bdjl.de\/localhost\/index.php?rest_route=%2Fwp%2Fv2%2Ftags&post=1895"}],"curies":[{"name":"wp","href":"https:\/\/api.w.org\/{rel}","templated":true}]}}