{"id":2013,"date":"2011-04-13T13:55:11","date_gmt":"2011-04-13T12:55:11","guid":{"rendered":"http:\/\/www.bdjl.de\/localhost\/?p=2013"},"modified":"2017-03-01T12:08:08","modified_gmt":"2017-03-01T11:08:08","slug":"digitale-gesellschaft","status":"publish","type":"post","link":"https:\/\/www.bdjl.de\/localhost\/?p=2013","title":{"rendered":"Digitale Gesellschaft"},"content":{"rendered":"<p>Die Webseiten der <a href=\"http:\/\/digitalegesellschaft.de\/\" target=\"_blank\">Digitalen Gesellschaft<\/a> sind online gegangen &#8211; ein Projekt, das im Umfeld von <a href=\"http:\/\/www.netzpolitik.org\/\" target=\"_blank\">netzpolitik.org<\/a> gegr\u00fcndet wurde. Eine kurze Vorstellung des Projektes ist auf <a href=\"http:\/\/digitalegesellschaft.de\/2011\/04\/wir-sind-die-digitale-gesellschaft\/\" target=\"_blank\">dieser Seite<\/a> zu finden.<\/p>\n<p>Endlich eine Lobby-Gruppe f\u00fcr die Interessen der Netzb\u00fcrger &#8211; so zu sagen die APO zu den Piraten. Mit etwas Gl\u00fcck und viel Verstand ist der Verein bald so bekannt und schlagkr\u00e4ftig wie Greenpeace im Umweltbereich.<\/p>\n","protected":false},"excerpt":{"rendered":"<p>Die Webseiten der Digitalen Gesellschaft sind online gegangen &#8211; ein Projekt, das im Umfeld von netzpolitik.org gegr\u00fcndet wurde. Eine kurze Vorstellung des Projektes ist auf dieser Seite zu finden. Endlich eine Lobby-Gruppe f\u00fcr die Interessen der Netzb\u00fcrger &#8211; so zu sagen die APO zu den Piraten. Mit etwas Gl\u00fcck und viel Verstand ist der Verein [&hellip;]<\/p>\n","protected":false},"author":2,"featured_media":0,"comment_status":"open","ping_status":"closed","sticky":false,"template":"","format":"standard","meta":{"footnotes":""},"categories":[1],"tags":[150,151],"class_list":["post-2013","post","type-post","status-publish","format-standard","hentry","category-allgemein","tag-digiges","tag-lobby"],"_links":{"self":[{"href":"https:\/\/www.bdjl.de\/localhost\/index.php?rest_route=\/wp\/v2\/posts\/2013","targetHints":{"allow":["GET"]}}],"collection":[{"href":"https:\/\/www.bdjl.de\/localhost\/index.php?rest_route=\/wp\/v2\/posts"}],"about":[{"href":"https:\/\/www.bdjl.de\/localhost\/index.php?rest_route=\/wp\/v2\/types\/post"}],"author":[{"embeddable":true,"href":"https:\/\/www.bdjl.de\/localhost\/index.php?rest_route=\/wp\/v2\/users\/2"}],"replies":[{"embeddable":true,"href":"https:\/\/www.bdjl.de\/localhost\/index.php?rest_route=%2Fwp%2Fv2%2Fcomments&post=2013"}],"version-history":[{"count":6,"href":"https:\/\/www.bdjl.de\/localhost\/index.php?rest_route=\/wp\/v2\/posts\/2013\/revisions"}],"predecessor-version":[{"id":4975,"href":"https:\/\/www.bdjl.de\/localhost\/index.php?rest_route=\/wp\/v2\/posts\/2013\/revisions\/4975"}],"wp:attachment":[{"href":"https:\/\/www.bdjl.de\/localhost\/index.php?rest_route=%2Fwp%2Fv2%2Fmedia&parent=2013"}],"wp:term":[{"taxonomy":"category","embeddable":true,"href":"https:\/\/www.bdjl.de\/localhost\/index.php?rest_route=%2Fwp%2Fv2%2Fcategories&post=2013"},{"taxonomy":"post_tag","embeddable":true,"href":"https:\/\/www.bdjl.de\/localhost\/index.php?rest_route=%2Fwp%2Fv2%2Ftags&post=2013"}],"curies":[{"name":"wp","href":"https:\/\/api.w.org\/{rel}","templated":true}]}}