{"id":3060,"date":"2012-09-29T17:19:52","date_gmt":"2012-09-29T15:19:52","guid":{"rendered":"http:\/\/www.bdjl.de\/localhost\/?p=3060"},"modified":"2012-10-03T17:39:18","modified_gmt":"2012-10-03T15:39:18","slug":"apfelkuchen","status":"publish","type":"post","link":"https:\/\/www.bdjl.de\/localhost\/?p=3060","title":{"rendered":"Apfelkuchen"},"content":{"rendered":"<p><img loading=\"lazy\" decoding=\"async\" class=\"alignnone size-medium wp-image-3061\" title=\"CIMG2789\" src=\"http:\/\/www.bdjl.de\/localhost\/wp-content\/uploads\/2012\/10\/CIMG2789-640x480.jpg\" alt=\"\" width=\"640\" height=\"480\" srcset=\"https:\/\/www.bdjl.de\/localhost\/wp-content\/uploads\/2012\/10\/CIMG2789-640x480.jpg 640w, https:\/\/www.bdjl.de\/localhost\/wp-content\/uploads\/2012\/10\/CIMG2789.jpg 1024w\" sizes=\"auto, (max-width: 640px) 100vw, 640px\" \/><\/p>\n<p>Lewins Minik\u00f6che waren auf die Mainau eingeladen, um dort Europas gr\u00f6\u00dften Apfelkuchen zu erstellen, der dann zu einem wohlt\u00e4tigem Zweck verkauft wurde. Gekommen waren auf Einladung der Schirmherrin Gr\u00e4fin Bettina Bernadotte am Ende 300 K\u00f6che und deren 700 Angeh\u00f6rige. Der Kuchen erreichte 202 Meter &#8211; nach Messung der Initiatoren. Janis merkte an, dass das nicht &#8222;ein langer Kuchen&#8220;, sondern &#8222;mehrere hundert aneinander gelegte Kuchenst\u00fccke&#8220; seien und damit nicht als Rekord z\u00e4hlen d\u00fcrfe. Geschmeckt hat er trotzdem.<\/p>\n<p><img loading=\"lazy\" decoding=\"async\" class=\"alignnone size-medium wp-image-3062\" title=\"CIMG2920\" src=\"http:\/\/www.bdjl.de\/localhost\/wp-content\/uploads\/2012\/10\/CIMG2920-640x480.jpg\" alt=\"\" width=\"640\" height=\"480\" srcset=\"https:\/\/www.bdjl.de\/localhost\/wp-content\/uploads\/2012\/10\/CIMG2920-640x480.jpg 640w, https:\/\/www.bdjl.de\/localhost\/wp-content\/uploads\/2012\/10\/CIMG2920.jpg 1024w\" sizes=\"auto, (max-width: 640px) 100vw, 640px\" \/><\/p>\n<p><img loading=\"lazy\" decoding=\"async\" class=\"alignnone size-medium wp-image-3063\" title=\"CIMG2943\" src=\"http:\/\/www.bdjl.de\/localhost\/wp-content\/uploads\/2012\/10\/CIMG2943-640x480.jpg\" alt=\"\" width=\"640\" height=\"480\" srcset=\"https:\/\/www.bdjl.de\/localhost\/wp-content\/uploads\/2012\/10\/CIMG2943-640x480.jpg 640w, https:\/\/www.bdjl.de\/localhost\/wp-content\/uploads\/2012\/10\/CIMG2943.jpg 1024w\" sizes=\"auto, (max-width: 640px) 100vw, 640px\" \/><\/p>\n","protected":false},"excerpt":{"rendered":"<p>Lewins Minik\u00f6che waren auf die Mainau eingeladen, um dort Europas gr\u00f6\u00dften Apfelkuchen zu erstellen, der dann zu einem wohlt\u00e4tigem Zweck verkauft wurde. Gekommen waren auf Einladung der Schirmherrin Gr\u00e4fin Bettina Bernadotte am Ende 300 K\u00f6che und deren 700 Angeh\u00f6rige. Der Kuchen erreichte 202 Meter &#8211; nach Messung der Initiatoren. Janis merkte an, dass das nicht [&hellip;]<\/p>\n","protected":false},"author":2,"featured_media":0,"comment_status":"open","ping_status":"closed","sticky":false,"template":"","format":"standard","meta":{"footnotes":""},"categories":[3],"tags":[193,325],"class_list":["post-3060","post","type-post","status-publish","format-standard","hentry","category-familie","tag-kuchen","tag-minikoch"],"_links":{"self":[{"href":"https:\/\/www.bdjl.de\/localhost\/index.php?rest_route=\/wp\/v2\/posts\/3060","targetHints":{"allow":["GET"]}}],"collection":[{"href":"https:\/\/www.bdjl.de\/localhost\/index.php?rest_route=\/wp\/v2\/posts"}],"about":[{"href":"https:\/\/www.bdjl.de\/localhost\/index.php?rest_route=\/wp\/v2\/types\/post"}],"author":[{"embeddable":true,"href":"https:\/\/www.bdjl.de\/localhost\/index.php?rest_route=\/wp\/v2\/users\/2"}],"replies":[{"embeddable":true,"href":"https:\/\/www.bdjl.de\/localhost\/index.php?rest_route=%2Fwp%2Fv2%2Fcomments&post=3060"}],"version-history":[{"count":4,"href":"https:\/\/www.bdjl.de\/localhost\/index.php?rest_route=\/wp\/v2\/posts\/3060\/revisions"}],"predecessor-version":[{"id":3067,"href":"https:\/\/www.bdjl.de\/localhost\/index.php?rest_route=\/wp\/v2\/posts\/3060\/revisions\/3067"}],"wp:attachment":[{"href":"https:\/\/www.bdjl.de\/localhost\/index.php?rest_route=%2Fwp%2Fv2%2Fmedia&parent=3060"}],"wp:term":[{"taxonomy":"category","embeddable":true,"href":"https:\/\/www.bdjl.de\/localhost\/index.php?rest_route=%2Fwp%2Fv2%2Fcategories&post=3060"},{"taxonomy":"post_tag","embeddable":true,"href":"https:\/\/www.bdjl.de\/localhost\/index.php?rest_route=%2Fwp%2Fv2%2Ftags&post=3060"}],"curies":[{"name":"wp","href":"https:\/\/api.w.org\/{rel}","templated":true}]}}