{"id":3910,"date":"2013-12-31T17:08:05","date_gmt":"2013-12-31T16:08:05","guid":{"rendered":"https:\/\/www.bdjl.de\/localhost\/?p=3910"},"modified":"2014-01-01T11:45:37","modified_gmt":"2014-01-01T10:45:37","slug":"senfnebel","status":"publish","type":"post","link":"https:\/\/www.bdjl.de\/localhost\/?p=3910","title":{"rendered":"Senfnebel"},"content":{"rendered":"<p><a href=\"https:\/\/www.bdjl.de\/localhost\/wp-content\/uploads\/2013\/12\/cimg0806.jpg\"><img loading=\"lazy\" decoding=\"async\" class=\"alignnone  wp-image-3911\" alt=\"cimg0806\" src=\"https:\/\/www.bdjl.de\/localhost\/wp-content\/uploads\/2013\/12\/cimg0806-640x358.jpg\" width=\"640\" height=\"358\" srcset=\"https:\/\/www.bdjl.de\/localhost\/wp-content\/uploads\/2013\/12\/cimg0806-640x358.jpg 640w, https:\/\/www.bdjl.de\/localhost\/wp-content\/uploads\/2013\/12\/cimg0806-1024x574.jpg 1024w, https:\/\/www.bdjl.de\/localhost\/wp-content\/uploads\/2013\/12\/cimg0806-624x349.jpg 624w\" sizes=\"auto, (max-width: 640px) 100vw, 640px\" \/><\/a><\/p>\n<p>Gestern war die Alb in Hochnebel geh\u00fcllt, der zusammen mit dem Raureif die Landschaft in einen zarten Senfton tauchte.<\/p>\n<p>Kurz hinter <a href=\"http:\/\/osm.org\/go\/0DjQEgYk--\">Melchingen<\/a> in s\u00fcd-s\u00fcd-westliche Richtung aufgenommen &#8211; aber leider als Bild nicht so beeindruckend wie in der Realit\u00e4t.<\/p>\n","protected":false},"excerpt":{"rendered":"<p>Gestern war die Alb in Hochnebel geh\u00fcllt, der zusammen mit dem Raureif die Landschaft in einen zarten Senfton tauchte. Kurz hinter Melchingen in s\u00fcd-s\u00fcd-westliche Richtung aufgenommen &#8211; aber leider als Bild nicht so beeindruckend wie in der Realit\u00e4t.<\/p>\n","protected":false},"author":2,"featured_media":0,"comment_status":"open","ping_status":"open","sticky":false,"template":"","format":"standard","meta":{"footnotes":""},"categories":[3],"tags":[252],"class_list":["post-3910","post","type-post","status-publish","format-standard","hentry","category-familie","tag-alb"],"_links":{"self":[{"href":"https:\/\/www.bdjl.de\/localhost\/index.php?rest_route=\/wp\/v2\/posts\/3910","targetHints":{"allow":["GET"]}}],"collection":[{"href":"https:\/\/www.bdjl.de\/localhost\/index.php?rest_route=\/wp\/v2\/posts"}],"about":[{"href":"https:\/\/www.bdjl.de\/localhost\/index.php?rest_route=\/wp\/v2\/types\/post"}],"author":[{"embeddable":true,"href":"https:\/\/www.bdjl.de\/localhost\/index.php?rest_route=\/wp\/v2\/users\/2"}],"replies":[{"embeddable":true,"href":"https:\/\/www.bdjl.de\/localhost\/index.php?rest_route=%2Fwp%2Fv2%2Fcomments&post=3910"}],"version-history":[{"count":4,"href":"https:\/\/www.bdjl.de\/localhost\/index.php?rest_route=\/wp\/v2\/posts\/3910\/revisions"}],"predecessor-version":[{"id":3920,"href":"https:\/\/www.bdjl.de\/localhost\/index.php?rest_route=\/wp\/v2\/posts\/3910\/revisions\/3920"}],"wp:attachment":[{"href":"https:\/\/www.bdjl.de\/localhost\/index.php?rest_route=%2Fwp%2Fv2%2Fmedia&parent=3910"}],"wp:term":[{"taxonomy":"category","embeddable":true,"href":"https:\/\/www.bdjl.de\/localhost\/index.php?rest_route=%2Fwp%2Fv2%2Fcategories&post=3910"},{"taxonomy":"post_tag","embeddable":true,"href":"https:\/\/www.bdjl.de\/localhost\/index.php?rest_route=%2Fwp%2Fv2%2Ftags&post=3910"}],"curies":[{"name":"wp","href":"https:\/\/api.w.org\/{rel}","templated":true}]}}