{"id":758,"date":"2009-09-20T10:16:17","date_gmt":"2009-09-20T09:16:17","guid":{"rendered":"http:\/\/www.bdjl.de\/localhost\/?p=758"},"modified":"2009-09-20T10:32:11","modified_gmt":"2009-09-20T09:32:11","slug":"geheimhaltung-und-demokratie","status":"publish","type":"post","link":"https:\/\/www.bdjl.de\/localhost\/?p=758","title":{"rendered":"Geheimhaltung und Demokratie"},"content":{"rendered":"<p><a title=\"fefe\" href=\"http:\/\/blog.fefe.de\/?ts=b44cd2cb\" target=\"_blank\">Fefe<\/a> schreibt:<\/p>\n<blockquote><p>Also der Sch\u00e4uble hat ja Recht, dass Geheimdienste und Demokratie nicht zusammen passen, aber als Folge daraus mu\u00df man die Geheimdienste abschaffen, doch nicht die Demokratie!<\/p><\/blockquote>\n<p>Dem Thema Geheimhaltung in der Demokratie nahm sich auch das SWR2 Forum am 15. September an:<\/p>\n<blockquote><p>Streng \u00f6ffentlich, Moderation: Eggert Blum, SWR2 Forum vom 15.09.2009.<br \/>\nEs diskutieren: Prof. Dr. Eva Horn &#8211; Literaturwissenschaftlerin, Universit\u00e4t Wien, Prof. Dr. Claus Leggewie &#8211; Politikwissenschaftler, Direktor des Kulturwissenschaftlichen Instituts (KWI), Essen, Hans Leyendecker &#8211; Ressortleiter Investigative Recherche der &#8222;S\u00fcddeutschen Zeitung&#8220;<\/p><\/blockquote>\n<p>H\u00f6renswert ist die Sendung vor allem weil sich hier die &#8222;politische Intelligenz&#8220; zum Thema \u00e4u\u00dfert, auch wenn sich mir hin und wieder die Zehenn\u00e4gel kringeln, wenn Thesen verbreitet werden, dass in den heutigen Medien &#8222;viel mehr Aggressivit\u00e4t&#8220; zu finden sei oder dass nicht immer alles diskutiert werden m\u00fcsse und k\u00f6nne:<\/p>\n<p><a href=\"http:\/\/mp3.swr.de\/swr2\/forum\/swr2_forum_20090915_wie_viel_geheimhaltung_vertraegt_die_demokratie.6444m.mp3\">http:\/\/mp3.swr.de\/swr2\/forum\/swr2_forum_20090915_wie_viel_geheimhaltung_vertraegt_die_demokratie.6444m.mp3<\/a><\/p>\n<p>Ich pers\u00f6nlich h\u00e4tte erwartet, dass unter Politolog\/innen weitaus mehr Kritikf\u00e4higkeit zu finden ist. Die SZ h\u00e4tte besser Prantl geschickt &#8211; der w\u00e4re f\u00e4higer gewesen klar zwischen Staat auf der einen und \u00d6ffentlichkeit (auch Presse) auf der anderen Seite zu unterscheiden. Fast alle Begr\u00fcndungen f\u00fcr staatliche Geheimhaltungsma\u00dfnahmen nutzen n\u00e4mlich Argumentationsmuster, die entweder aus einer Vermischung dieser beiden Bereich abgeleitet werden &#8211; oder gleich komplett auf Machiavelli rekurrieren, der nun wirklich kein Vorbild f\u00fcr Demokraten sein darf.<\/p>\n","protected":false},"excerpt":{"rendered":"<p>Fefe schreibt: Also der Sch\u00e4uble hat ja Recht, dass Geheimdienste und Demokratie nicht zusammen passen, aber als Folge daraus mu\u00df man die Geheimdienste abschaffen, doch nicht die Demokratie! Dem Thema Geheimhaltung in der Demokratie nahm sich auch das SWR2 Forum am 15. September an: Streng \u00f6ffentlich, Moderation: Eggert Blum, SWR2 Forum vom 15.09.2009. Es diskutieren: [&hellip;]<\/p>\n","protected":false},"author":2,"featured_media":0,"comment_status":"open","ping_status":"closed","sticky":false,"template":"","format":"standard","meta":{"footnotes":""},"categories":[1],"tags":[],"class_list":["post-758","post","type-post","status-publish","format-standard","hentry","category-allgemein"],"_links":{"self":[{"href":"https:\/\/www.bdjl.de\/localhost\/index.php?rest_route=\/wp\/v2\/posts\/758","targetHints":{"allow":["GET"]}}],"collection":[{"href":"https:\/\/www.bdjl.de\/localhost\/index.php?rest_route=\/wp\/v2\/posts"}],"about":[{"href":"https:\/\/www.bdjl.de\/localhost\/index.php?rest_route=\/wp\/v2\/types\/post"}],"author":[{"embeddable":true,"href":"https:\/\/www.bdjl.de\/localhost\/index.php?rest_route=\/wp\/v2\/users\/2"}],"replies":[{"embeddable":true,"href":"https:\/\/www.bdjl.de\/localhost\/index.php?rest_route=%2Fwp%2Fv2%2Fcomments&post=758"}],"version-history":[{"count":8,"href":"https:\/\/www.bdjl.de\/localhost\/index.php?rest_route=\/wp\/v2\/posts\/758\/revisions"}],"predecessor-version":[{"id":763,"href":"https:\/\/www.bdjl.de\/localhost\/index.php?rest_route=\/wp\/v2\/posts\/758\/revisions\/763"}],"wp:attachment":[{"href":"https:\/\/www.bdjl.de\/localhost\/index.php?rest_route=%2Fwp%2Fv2%2Fmedia&parent=758"}],"wp:term":[{"taxonomy":"category","embeddable":true,"href":"https:\/\/www.bdjl.de\/localhost\/index.php?rest_route=%2Fwp%2Fv2%2Fcategories&post=758"},{"taxonomy":"post_tag","embeddable":true,"href":"https:\/\/www.bdjl.de\/localhost\/index.php?rest_route=%2Fwp%2Fv2%2Ftags&post=758"}],"curies":[{"name":"wp","href":"https:\/\/api.w.org\/{rel}","templated":true}]}}